{"id":2188,"date":"2019-07-22T21:08:11","date_gmt":"2019-07-22T19:08:11","guid":{"rendered":"http:\/\/www.mvrunkel.de\/wordpress\/?p=2188"},"modified":"2019-07-22T21:08:13","modified_gmt":"2019-07-22T19:08:13","slug":"musik-im-hof-fuer-einen-guten-zweck","status":"publish","type":"post","link":"http:\/\/www.mvrunkel.de\/wordpress\/2019\/07\/22\/musik-im-hof-fuer-einen-guten-zweck\/","title":{"rendered":"Musik im Hof f\u00fcr einen guten Zweck"},"content":{"rendered":"\n<p>Der Musikverein Runkel startet gut erholt aus seiner wohl verdienten Sommerpause und l\u00e4dt am 09. August ein zu seiner Veranstaltung \u201eMusik im Hof\u201c. Los gehts ab 20 Uhr. Die Zuh\u00f6rer erwartet etwa zwei Stunden bunt gemischtes Blasmusik-Programm im Hof des Musikhauses neben der evangelischen Kirche in Runkel. Auch f\u00fcr Essen und Trinken ist gesorgt. <\/p>\n\n\n\n<p>Die Erl\u00f6se der Veranstaltung gehen dieses Jahr an die Freunde aus der franz\u00f6sischen Partnerstadt Ch\u00e2tillon-Saint-Jean, die vor einigen Wochen ein verheerendes Unwetter erleben mussten und stark mit den Folgesch\u00e4den zu k\u00e4mpfen haben. Der Musikverein freut sich \u00fcber zahlreiche Besucher.\u00a0<\/p>\n\n\n\n<figure class=\"wp-block-image\"><img loading=\"lazy\" decoding=\"async\" width=\"1024\" height=\"724\" src=\"http:\/\/www.mvrunkel.de\/wordpress\/wp-content\/uploads\/2019\/07\/MUSIK-IM-HOF-2019-Banner-1024x724.png\" alt=\"\" class=\"wp-image-2189\" srcset=\"http:\/\/www.mvrunkel.de\/wordpress\/wp-content\/uploads\/2019\/07\/MUSIK-IM-HOF-2019-Banner-1024x724.png 1024w, http:\/\/www.mvrunkel.de\/wordpress\/wp-content\/uploads\/2019\/07\/MUSIK-IM-HOF-2019-Banner-300x212.png 300w, http:\/\/www.mvrunkel.de\/wordpress\/wp-content\/uploads\/2019\/07\/MUSIK-IM-HOF-2019-Banner.png 1123w, http:\/\/www.mvrunkel.de\/wordpress\/wp-content\/uploads\/2019\/07\/MUSIK-IM-HOF-2019-Banner-300x212@2x.png 600w\" sizes=\"(max-width: 1024px) 100vw, 1024px\" \/><\/figure>\n","protected":false},"excerpt":{"rendered":"<p>Der Musikverein Runkel startet gut erholt aus seiner wohl verdienten Sommerpause und l\u00e4dt am 09. August ein zu seiner Veranstaltung \u201eMusik im Hof\u201c. Los gehts ab 20 Uhr. Die Zuh\u00f6rer erwartet etwa zwei Stunden bunt gemischtes Blasmusik-Programm im Hof des Musikhauses neben der evangelischen Kirche in Runkel. Auch f\u00fcr Essen und Trinken ist gesorgt. Die [&hellip;]<\/p>\n","protected":false},"author":14,"featured_media":0,"comment_status":"closed","ping_status":"open","sticky":false,"template":"","format":"standard","meta":{"ngg_post_thumbnail":0,"footnotes":""},"categories":[1],"tags":[],"_links":{"self":[{"href":"http:\/\/www.mvrunkel.de\/wordpress\/wp-json\/wp\/v2\/posts\/2188"}],"collection":[{"href":"http:\/\/www.mvrunkel.de\/wordpress\/wp-json\/wp\/v2\/posts"}],"about":[{"href":"http:\/\/www.mvrunkel.de\/wordpress\/wp-json\/wp\/v2\/types\/post"}],"author":[{"embeddable":true,"href":"http:\/\/www.mvrunkel.de\/wordpress\/wp-json\/wp\/v2\/users\/14"}],"replies":[{"embeddable":true,"href":"http:\/\/www.mvrunkel.de\/wordpress\/wp-json\/wp\/v2\/comments?post=2188"}],"version-history":[{"count":1,"href":"http:\/\/www.mvrunkel.de\/wordpress\/wp-json\/wp\/v2\/posts\/2188\/revisions"}],"predecessor-version":[{"id":2190,"href":"http:\/\/www.mvrunkel.de\/wordpress\/wp-json\/wp\/v2\/posts\/2188\/revisions\/2190"}],"wp:attachment":[{"href":"http:\/\/www.mvrunkel.de\/wordpress\/wp-json\/wp\/v2\/media?parent=2188"}],"wp:term":[{"taxonomy":"category","embeddable":true,"href":"http:\/\/www.mvrunkel.de\/wordpress\/wp-json\/wp\/v2\/categories?post=2188"},{"taxonomy":"post_tag","embeddable":true,"href":"http:\/\/www.mvrunkel.de\/wordpress\/wp-json\/wp\/v2\/tags?post=2188"}],"curies":[{"name":"wp","href":"https:\/\/api.w.org\/{rel}","templated":true}]}}