{"id":2263,"date":"2020-07-13T16:54:30","date_gmt":"2020-07-13T14:54:30","guid":{"rendered":"http:\/\/www.mvrunkel.de\/wordpress\/?p=2263"},"modified":"2020-08-13T16:55:51","modified_gmt":"2020-08-13T14:55:51","slug":"musikverein-runkel-probt-wieder-nach-corona-pause","status":"publish","type":"post","link":"http:\/\/www.mvrunkel.de\/wordpress\/2020\/07\/13\/musikverein-runkel-probt-wieder-nach-corona-pause\/","title":{"rendered":"Musikverein Runkel probt wieder nach Corona-Pause"},"content":{"rendered":"\n<p>Zum\nersten Mal nach vielen Wochen erklangen in Runkel wieder vertraute T\u00f6ne. Der\nMusikverein Runkel spielte nach \u00fcber drei Monaten Corona-Zwangspause unter\nLeitung von Dirigenten Thomas Pravida wieder als Orchester zusammen \u2013 im Freien\nund unter Einhaltung eines strengen Hygienekonzepts.<\/p>\n\n\n\n<p>Eifrig\nwurden im Hof vor dem Musikhaus St\u00fchle ger\u00fcckt, ein mobiles Waschbecken\naufgebaut, Desinfektionsmittel verteilt und dabei stets penibel auf den\nMindestabstand geachtet. Wenige Minuten sp\u00e4ter begann die erste Probe des\nBlasorchesters des Musikvereins. Etwas ungewohnt war es f\u00fcr die Mitglieder\nschon, mit einem so gro\u00dfen Abstand zueinander zu spielen, aber die Freude,\nendlich wieder gemeinsam musizieren zu k\u00f6nnen, war sofort zu sp\u00fcren. <\/p>\n\n\n\n<p>An\ndiesem Abend war das Leben ein Wunschkonzert: Nachdem zun\u00e4chst einige leichtere\nSt\u00fccke angespielt worden waren, damit sich die Musiker wieder ans Zusammenspiel\ngew\u00f6hnen konnten, durfte sich jedes Register ein Lieblingsst\u00fcck aussuchen: Von\nM\u00e4rschen \u00fcber Polka bis hin zu Pop und Schlagern war alles dabei und weit \u00fcber\ndie Grenzen des Hofes hinaus zu h\u00f6ren.<\/p>\n\n\n\n<p>Voraussetzung\ndaf\u00fcr, dass diese Probe \u00fcberhaupt stattfinden konnte, war ein umfangreiches\nHygienekonzept, das die Mitglieder des Vorstands akribisch ausgearbeitet hatten\nund von der Stadt Runkel und dem Gesundheitsamt genehmigt worden war. Dieses\nbeinhaltete unter anderem, dass die Teilnehmerzahl der MusikerInnen auf maximal\n50 beschr\u00e4nkt wurde und eine vorherige Anmeldung notwendig war. Sogar\nspezifische Hygienema\u00dfnahmen eigens f\u00fcr \u201eBlasinstrumente mit Aerosolproduktion\u201c\nwurden konzipiert.<\/p>\n\n\n\n<p>Wie\nund wo genau es nach den Sommerferien mit dem Probenbetrieb weitergehen wird,\nsteht derzeit noch nicht fest. Auch ob es in diesem Jahr ein Konzert geben\nwird, steht derzeit noch in den Sternen. Von all diesen Unabw\u00e4gbarkeiten lassen\nsich die MusikerInnen jedoch nicht beirren und fiebern der n\u00e4chsten Probe entgegen.<\/p>\n","protected":false},"excerpt":{"rendered":"<p>Zum ersten Mal nach vielen Wochen erklangen in Runkel wieder vertraute T\u00f6ne. Der Musikverein Runkel spielte nach \u00fcber drei Monaten Corona-Zwangspause unter Leitung von Dirigenten Thomas Pravida wieder als Orchester zusammen \u2013 im Freien und unter Einhaltung eines strengen Hygienekonzepts. Eifrig wurden im Hof vor dem Musikhaus St\u00fchle ger\u00fcckt, ein mobiles Waschbecken aufgebaut, Desinfektionsmittel verteilt [&hellip;]<\/p>\n","protected":false},"author":15,"featured_media":2266,"comment_status":"closed","ping_status":"open","sticky":false,"template":"","format":"standard","meta":{"ngg_post_thumbnail":0,"footnotes":""},"categories":[1],"tags":[],"_links":{"self":[{"href":"http:\/\/www.mvrunkel.de\/wordpress\/wp-json\/wp\/v2\/posts\/2263"}],"collection":[{"href":"http:\/\/www.mvrunkel.de\/wordpress\/wp-json\/wp\/v2\/posts"}],"about":[{"href":"http:\/\/www.mvrunkel.de\/wordpress\/wp-json\/wp\/v2\/types\/post"}],"author":[{"embeddable":true,"href":"http:\/\/www.mvrunkel.de\/wordpress\/wp-json\/wp\/v2\/users\/15"}],"replies":[{"embeddable":true,"href":"http:\/\/www.mvrunkel.de\/wordpress\/wp-json\/wp\/v2\/comments?post=2263"}],"version-history":[{"count":3,"href":"http:\/\/www.mvrunkel.de\/wordpress\/wp-json\/wp\/v2\/posts\/2263\/revisions"}],"predecessor-version":[{"id":2268,"href":"http:\/\/www.mvrunkel.de\/wordpress\/wp-json\/wp\/v2\/posts\/2263\/revisions\/2268"}],"wp:featuredmedia":[{"embeddable":true,"href":"http:\/\/www.mvrunkel.de\/wordpress\/wp-json\/wp\/v2\/media\/2266"}],"wp:attachment":[{"href":"http:\/\/www.mvrunkel.de\/wordpress\/wp-json\/wp\/v2\/media?parent=2263"}],"wp:term":[{"taxonomy":"category","embeddable":true,"href":"http:\/\/www.mvrunkel.de\/wordpress\/wp-json\/wp\/v2\/categories?post=2263"},{"taxonomy":"post_tag","embeddable":true,"href":"http:\/\/www.mvrunkel.de\/wordpress\/wp-json\/wp\/v2\/tags?post=2263"}],"curies":[{"name":"wp","href":"https:\/\/api.w.org\/{rel}","templated":true}]}}