{"id":2445,"date":"2022-01-25T18:11:39","date_gmt":"2022-01-25T17:11:39","guid":{"rendered":"http:\/\/www.mvrunkel.de\/wordpress\/?p=2445"},"modified":"2022-01-25T18:12:24","modified_gmt":"2022-01-25T17:12:24","slug":"weihnachtsgeschenke-fuer-die-mvr-jugend","status":"publish","type":"post","link":"http:\/\/www.mvrunkel.de\/wordpress\/2022\/01\/25\/weihnachtsgeschenke-fuer-die-mvr-jugend\/","title":{"rendered":"Bescherung f\u00fcr die MVR-Jugend"},"content":{"rendered":"\n<div class=\"wp-block-image\"><figure class=\"alignleft\"><img loading=\"lazy\" decoding=\"async\" width=\"300\" height=\"300\" src=\"http:\/\/www.mvrunkel.de\/wordpress\/wp-content\/uploads\/2022\/01\/Ausflug-Musikverein-Jugend-300x300.jpeg\" alt=\"\" class=\"wp-image-2446\" srcset=\"http:\/\/www.mvrunkel.de\/wordpress\/wp-content\/uploads\/2022\/01\/Ausflug-Musikverein-Jugend-150x150@2x.jpeg 300w, http:\/\/www.mvrunkel.de\/wordpress\/wp-content\/uploads\/2022\/01\/Ausflug-Musikverein-Jugend-150x150.jpeg 150w, http:\/\/www.mvrunkel.de\/wordpress\/wp-content\/uploads\/2022\/01\/Ausflug-Musikverein-Jugend-1024x1024.jpeg 1024w, http:\/\/www.mvrunkel.de\/wordpress\/wp-content\/uploads\/2022\/01\/Ausflug-Musikverein-Jugend.jpeg 2048w, http:\/\/www.mvrunkel.de\/wordpress\/wp-content\/uploads\/2022\/01\/Ausflug-Musikverein-Jugend-300x300@2x.jpeg 600w\" sizes=\"(max-width: 300px) 100vw, 300px\" \/><\/figure><\/div>\n\n\n\n<p>\nNach gro\u00dfer Vorfreude war es am Wochenende soweit: die MVR-Kids konnten ihre Weihnachtsgeschenke einl\u00f6sen.<\/p>\n\n\n\n<p>F\u00fcr die M\u00e4dels und Jungs der Musikalischen Fr\u00fcherziehung, des Blockfl\u00f6tenkurses und des Klassenmuszierens ging es nach Weilburg ins Kino.  Frisch getestet und mit Popcorn und Getr\u00e4nken ausstaffiert verfolgten die Kids gebannt die Abenteuer des gro\u00dfen roten Hundes \u201eClifford\u201c. <\/p>\n\n\n\n<p> Die jungen Musikerinnen und Musiker des Jugendorchesters zeigten abends ihr K\u00f6nnen auf der Limburger Bowlingbahn und warfen dort den ein oder anderen Strike \u2013 nat\u00fcrlich ebenfalls tagesaktuell getestet. <\/p>\n\n\n\n<p>F\u00fcr die Kinder war das Zusammenkommen abseits des Probenraums nicht nur eine willkommene Abwechslung, sondern vor allem mit viel Spa\u00df verbunden. Ein voller Erfolg also, der insbesondere denjenigen zu verdanken ist, die diese Events organisiert und die MVR-Jugend begleitet haben. Vielen Dank daf\u00fcr! <\/p>\n","protected":false},"excerpt":{"rendered":"<p>Nach gro\u00dfer Vorfreude war es am Wochenende soweit: die MVR-Kids konnten ihre Weihnachtsgeschenke einl\u00f6sen. F\u00fcr die M\u00e4dels und Jungs der Musikalischen Fr\u00fcherziehung, des Blockfl\u00f6tenkurses und des Klassenmuszierens ging es nach Weilburg ins Kino. Frisch getestet und mit Popcorn und Getr\u00e4nken ausstaffiert verfolgten die Kids gebannt die Abenteuer des gro\u00dfen roten Hundes \u201eClifford\u201c. Die jungen Musikerinnen [&hellip;]<\/p>\n","protected":false},"author":15,"featured_media":0,"comment_status":"closed","ping_status":"open","sticky":false,"template":"","format":"standard","meta":{"ngg_post_thumbnail":0,"footnotes":""},"categories":[1],"tags":[],"_links":{"self":[{"href":"http:\/\/www.mvrunkel.de\/wordpress\/wp-json\/wp\/v2\/posts\/2445"}],"collection":[{"href":"http:\/\/www.mvrunkel.de\/wordpress\/wp-json\/wp\/v2\/posts"}],"about":[{"href":"http:\/\/www.mvrunkel.de\/wordpress\/wp-json\/wp\/v2\/types\/post"}],"author":[{"embeddable":true,"href":"http:\/\/www.mvrunkel.de\/wordpress\/wp-json\/wp\/v2\/users\/15"}],"replies":[{"embeddable":true,"href":"http:\/\/www.mvrunkel.de\/wordpress\/wp-json\/wp\/v2\/comments?post=2445"}],"version-history":[{"count":2,"href":"http:\/\/www.mvrunkel.de\/wordpress\/wp-json\/wp\/v2\/posts\/2445\/revisions"}],"predecessor-version":[{"id":2448,"href":"http:\/\/www.mvrunkel.de\/wordpress\/wp-json\/wp\/v2\/posts\/2445\/revisions\/2448"}],"wp:attachment":[{"href":"http:\/\/www.mvrunkel.de\/wordpress\/wp-json\/wp\/v2\/media?parent=2445"}],"wp:term":[{"taxonomy":"category","embeddable":true,"href":"http:\/\/www.mvrunkel.de\/wordpress\/wp-json\/wp\/v2\/categories?post=2445"},{"taxonomy":"post_tag","embeddable":true,"href":"http:\/\/www.mvrunkel.de\/wordpress\/wp-json\/wp\/v2\/tags?post=2445"}],"curies":[{"name":"wp","href":"https:\/\/api.w.org\/{rel}","templated":true}]}}