{"id":2459,"date":"2022-02-27T11:24:21","date_gmt":"2022-02-27T10:24:21","guid":{"rendered":"http:\/\/www.mvrunkel.de\/wordpress\/?p=2459"},"modified":"2022-02-27T11:24:23","modified_gmt":"2022-02-27T10:24:23","slug":"musikverein-runkel-zu-gast-in-bad-camberg","status":"publish","type":"post","link":"http:\/\/www.mvrunkel.de\/wordpress\/2022\/02\/27\/musikverein-runkel-zu-gast-in-bad-camberg\/","title":{"rendered":"Musikverein Runkel zu Gast in Bad Camberg"},"content":{"rendered":"\n<div class=\"wp-block-image\"><figure class=\"alignleft is-resized\"><img loading=\"lazy\" decoding=\"async\" src=\"http:\/\/www.mvrunkel.de\/wordpress\/wp-content\/uploads\/2022\/02\/Kurkonzert-Bad-Camberg-1-1-300x212.png\" alt=\"\" class=\"wp-image-2462\" width=\"300\" height=\"212\" srcset=\"http:\/\/www.mvrunkel.de\/wordpress\/wp-content\/uploads\/2022\/02\/Kurkonzert-Bad-Camberg-1-1-300x212.png 300w, http:\/\/www.mvrunkel.de\/wordpress\/wp-content\/uploads\/2022\/02\/Kurkonzert-Bad-Camberg-1-1-1024x724.png 1024w, http:\/\/www.mvrunkel.de\/wordpress\/wp-content\/uploads\/2022\/02\/Kurkonzert-Bad-Camberg-1-1.png 2000w, http:\/\/www.mvrunkel.de\/wordpress\/wp-content\/uploads\/2022\/02\/Kurkonzert-Bad-Camberg-1-1-300x212@2x.png 600w\" sizes=\"(max-width: 300px) 100vw, 300px\" \/><\/figure><\/div>\n\n\n\n<p>Musikalisch in den M\u00e4rz starten \u2013 hierzu l\u00e4dt der Musikverein Runkel herzlich am Sonntag, den 6. M\u00e4rz, um 10.45 Uhr in das Bad Camberger Kurhaus ein. Musikfreundinnen und -freunde d\u00fcrfen sich auf ein kurzweiliges, bunt gemischtes Programm freuen: Unter der Leitung von Dirigent Thomas Pravida hat das Orchester St\u00fccke von der klassischen Polka bis zum modernen Konzertwerk vorbereitet, sodass f\u00fcr jeden Musikgeschmack etwas dabei ist.<\/p>\n\n\n\n<p>Das\nKonzert ist Bestandteil der beliebten Bad Camberger Kurkonzert-Reihe. Die Veranstaltung findet unter\nBer\u00fccksichtigung der 2G Regelung statt, zus\u00e4tzlich haben Besucherinnen und\nBesucher die M\u00f6glichkeit, sich vor Ort zur Kontaktnachverfolgung zu\nregistrieren. Der Eintritt ist kostenlos.<\/p>\n","protected":false},"excerpt":{"rendered":"<p>Musikalisch in den M\u00e4rz starten \u2013 hierzu l\u00e4dt der Musikverein Runkel herzlich am Sonntag, den 6. M\u00e4rz, um 10.45 Uhr in das Bad Camberger Kurhaus ein. Musikfreundinnen und -freunde d\u00fcrfen sich auf ein kurzweiliges, bunt gemischtes Programm freuen: Unter der Leitung von Dirigent Thomas Pravida hat das Orchester St\u00fccke von der klassischen Polka bis zum [&hellip;]<\/p>\n","protected":false},"author":15,"featured_media":0,"comment_status":"closed","ping_status":"open","sticky":false,"template":"","format":"standard","meta":{"ngg_post_thumbnail":0,"footnotes":""},"categories":[1],"tags":[],"_links":{"self":[{"href":"http:\/\/www.mvrunkel.de\/wordpress\/wp-json\/wp\/v2\/posts\/2459"}],"collection":[{"href":"http:\/\/www.mvrunkel.de\/wordpress\/wp-json\/wp\/v2\/posts"}],"about":[{"href":"http:\/\/www.mvrunkel.de\/wordpress\/wp-json\/wp\/v2\/types\/post"}],"author":[{"embeddable":true,"href":"http:\/\/www.mvrunkel.de\/wordpress\/wp-json\/wp\/v2\/users\/15"}],"replies":[{"embeddable":true,"href":"http:\/\/www.mvrunkel.de\/wordpress\/wp-json\/wp\/v2\/comments?post=2459"}],"version-history":[{"count":2,"href":"http:\/\/www.mvrunkel.de\/wordpress\/wp-json\/wp\/v2\/posts\/2459\/revisions"}],"predecessor-version":[{"id":2463,"href":"http:\/\/www.mvrunkel.de\/wordpress\/wp-json\/wp\/v2\/posts\/2459\/revisions\/2463"}],"wp:attachment":[{"href":"http:\/\/www.mvrunkel.de\/wordpress\/wp-json\/wp\/v2\/media?parent=2459"}],"wp:term":[{"taxonomy":"category","embeddable":true,"href":"http:\/\/www.mvrunkel.de\/wordpress\/wp-json\/wp\/v2\/categories?post=2459"},{"taxonomy":"post_tag","embeddable":true,"href":"http:\/\/www.mvrunkel.de\/wordpress\/wp-json\/wp\/v2\/tags?post=2459"}],"curies":[{"name":"wp","href":"https:\/\/api.w.org\/{rel}","templated":true}]}}