{"id":535,"date":"2011-12-22T21:14:57","date_gmt":"2011-12-22T20:14:57","guid":{"rendered":"http:\/\/www.mvrunkel.de\/wordpress\/?p=535"},"modified":"2017-04-09T19:45:07","modified_gmt":"2017-04-09T17:45:07","slug":"d1-lehrgang","status":"publish","type":"post","link":"http:\/\/www.mvrunkel.de\/wordpress\/2011\/12\/22\/d1-lehrgang\/","title":{"rendered":"D1 Lehrgang"},"content":{"rendered":"<p><strong>D1 Lehrgang erfolgreich absolviert<\/strong><\/p>\n<p>22 Jugendliche des Musikvereins und des TV Blasorchesters aus Runkel haben nach wochenlanger Unterrichtung und Vorbereitung den D1-Lehrgang am Sa. 03. Dezember 2011 erfolgreich beendet.<br \/>\nBis auf f\u00fcnf Kinder, die ihre praktische Pr\u00fcfung am Instrument erst im kommenden Sommer absolvieren, haben alle anderen bereits beide Teile \u2013sowohl Musiktheorie als auch Praxis- erfolgreich bestanden.<\/p>\n<p>Die Pr\u00fcfer des Landesmusikverbandes Hessen zeigten sich erfreut \u00fcber das hohe musikalische Niveau der Pr\u00fcflinge und brachten in ihrer Abschlussrede die Hoffnung zum Ausdruck m\u00f6glichst viele der Teilnehmer auch bei der D2 Pr\u00fcfung wieder zu treffen.<\/p>\n<p>Gro\u00dfen Anteil an dem erfolgreichen Lehrgangsverlauf hatten Kathrin Rosbach (MVR) und Annette de la Haye (TV), die f\u00fcr die Schulung der Teilnehmer verantwortlich waren.<\/p>\n<p>&nbsp;<\/p>\n<p><em>Teilnehmer- innen waren:<\/em><br \/>\n<strong>MVR:<\/strong> Gabriel Afonso, Tiago Afonso, Nico Amelung, Fabienne Br\u00f6mel, Alena Carasco, Carolin Ehrlich, Helen Hilka, Hannah Keil, Melina Kunath, Selina Leisegang, Silas Oswald, Cassandra Ranzenbacher, Olivia Ranzenbacher, Vanessa Sch\u00e4fer, Roberta Schickel, Carina Schneider, Anna Schulz, Henry Schulz, Ricarda Tobisch, Lukas Tron<br \/>\n<strong>TV:<\/strong>\u00a0\u00a0 Marianne Janz, Lina Sch\u00e4fer<\/p>\n<p>&nbsp;<\/p>\n<p><a href=\"http:\/\/www.mvrunkel.de\/wordpress\/wp-content\/uploads\/2011\/12\/P1020543.jpg\"><img loading=\"lazy\" decoding=\"async\" class=\"aligncenter size-medium wp-image-537\" title=\"D1 Lehrgang\" src=\"http:\/\/www.mvrunkel.de\/wordpress\/wp-content\/uploads\/2011\/12\/P1020543-300x225.jpg\" alt=\"\" width=\"350\" height=\"259\" \/><\/a><\/p>\n<p>&nbsp;<\/p>\n","protected":false},"excerpt":{"rendered":"<p>D1 Lehrgang erfolgreich absolviert 22 Jugendliche des Musikvereins und des TV Blasorchesters aus Runkel haben nach wochenlanger Unterrichtung und Vorbereitung den D1-Lehrgang am Sa. 03. Dezember 2011 erfolgreich beendet. Bis auf f\u00fcnf Kinder, die ihre praktische Pr\u00fcfung am Instrument erst im kommenden Sommer absolvieren, haben alle anderen bereits beide Teile \u2013sowohl Musiktheorie als auch Praxis- [&hellip;]<\/p>\n","protected":false},"author":13,"featured_media":0,"comment_status":"closed","ping_status":"open","sticky":false,"template":"","format":"standard","meta":{"ngg_post_thumbnail":0,"footnotes":""},"categories":[13],"tags":[],"_links":{"self":[{"href":"http:\/\/www.mvrunkel.de\/wordpress\/wp-json\/wp\/v2\/posts\/535"}],"collection":[{"href":"http:\/\/www.mvrunkel.de\/wordpress\/wp-json\/wp\/v2\/posts"}],"about":[{"href":"http:\/\/www.mvrunkel.de\/wordpress\/wp-json\/wp\/v2\/types\/post"}],"author":[{"embeddable":true,"href":"http:\/\/www.mvrunkel.de\/wordpress\/wp-json\/wp\/v2\/users\/13"}],"replies":[{"embeddable":true,"href":"http:\/\/www.mvrunkel.de\/wordpress\/wp-json\/wp\/v2\/comments?post=535"}],"version-history":[{"count":3,"href":"http:\/\/www.mvrunkel.de\/wordpress\/wp-json\/wp\/v2\/posts\/535\/revisions"}],"predecessor-version":[{"id":1637,"href":"http:\/\/www.mvrunkel.de\/wordpress\/wp-json\/wp\/v2\/posts\/535\/revisions\/1637"}],"wp:attachment":[{"href":"http:\/\/www.mvrunkel.de\/wordpress\/wp-json\/wp\/v2\/media?parent=535"}],"wp:term":[{"taxonomy":"category","embeddable":true,"href":"http:\/\/www.mvrunkel.de\/wordpress\/wp-json\/wp\/v2\/categories?post=535"},{"taxonomy":"post_tag","embeddable":true,"href":"http:\/\/www.mvrunkel.de\/wordpress\/wp-json\/wp\/v2\/tags?post=535"}],"curies":[{"name":"wp","href":"https:\/\/api.w.org\/{rel}","templated":true}]}}