{"id":613,"date":"2012-02-29T10:31:29","date_gmt":"2012-02-29T09:31:29","guid":{"rendered":"http:\/\/www.mvrunkel.de\/wordpress\/?p=613"},"modified":"2012-02-29T10:40:11","modified_gmt":"2012-02-29T09:40:11","slug":"musikverein-freut-sich-auf-30-geburtstag","status":"publish","type":"post","link":"http:\/\/www.mvrunkel.de\/wordpress\/2012\/02\/29\/musikverein-freut-sich-auf-30-geburtstag\/","title":{"rendered":"Musikverein freut sich auf 30. Geburtstag"},"content":{"rendered":"<p>\u00a0<em><strong>Runkeler Musiker haben ein volles Jahresprogramm \u2013 Treue Mitglieder ausgezeichnet<\/strong><\/em><\/p>\n<div>\u00a0<strong>Auf seinen 30. Geburtstag bereitet sich der Musikverein Runkel vor.<\/strong><\/div>\n<p>\u00a0Der Musikverein Runkel hat in seiner Jahreshauptversammlung auf ein ereignisreiches Jahr zur\u00fcckgeblickt. Die Musiker freuen sich schon auf das kommende Jahr, wenn der Verein seinen 30. Geburtstag feiert.<\/p>\n<p>Gesch\u00e4ftsf\u00fchrer Christian V\u00f6lker lie\u00df in seinem Gesch\u00e4ftsbericht die musikalischen und geselligen Veranstaltungen Revue passieren. Er dankte &#8222;allen, die mitgeholfen haben, die Veranstaltungen gelingen zu lassen und die Zeit und auch Urlaub geopfert haben, um den Nachwuchs des Musikvereins zu f\u00f6rdern und ihren Spa\u00df an unserem Verein vorzuleben&#8220;. Die Kinder- und Jugendarbeit ist ein Schwerpunkt des Musikvereins. 70 Kinder und Jugendliche befinden sich derzeit in der musikalischen Ausbildung, so Jugendwartin Simone Vogler. Das Jugendorchester besteht aus 24 Jungen und M\u00e4dchen. Neben den regelm\u00e4\u00dfigen Proben und einigen Lehrg\u00e4ngen kam auch die Geselligkeit nicht zu kurz; es gab eine Schulranzenfete und einen Werbetag. Zudem wurde die Fasanerie in Wiesbaden besucht, es gab eine Radtour, einen Vorspielnachmittag im Advent, eine Winterwanderung und das &#8222;gemeinsame Warten aufs Christkind&#8220; an Heiligabend.<\/p>\n<p>Auch Ehrungen f\u00fcr langj\u00e4hrige Mitgliedschaften standen auf der Tagesordnung. Seit 25 Jahren Mitglieder des Musikvereins sind: Dieter Michel, Frank Oswald, Burkhard Schweitzer, Jean-Paul Foulon und Josef F\u00fcrstenfelder. F\u00fcr 25 Jahre aktives Musizieren erh\u00e4lt Ivonne Oswald die Ehrenurkunde und die Ehrennadel in Silber vom Hessischen Musikverband.<\/p>\n<p>\u00a0<a href=\"http:\/\/www.mvrunkel.de\/wordpress\/wp-content\/uploads\/2012\/02\/JHV-2012.jpg\"><img loading=\"lazy\" decoding=\"async\" class=\"aligncenter size-full wp-image-616\" title=\"Musikverein Runkel Ehrungen\" src=\"http:\/\/www.mvrunkel.de\/wordpress\/wp-content\/uploads\/2012\/02\/JHV-2012.jpg\" alt=\"\" width=\"220\" height=\"139\" \/><\/a><\/p>\n<p style=\"text-align: center;\">Der Vorstand des Musikvereins ehrte Dieter Michel (Zweiter von links) f\u00fcr 25-j\u00e4hrige Mitgliedschaft.<br \/>\nIm Bild: (von links): Christian V\u00f6lker, Bernhard Jung, Julia Steul, Simone Vogler und Kathrin Rosbach.<br \/>\nAlle anderen Jubilare waren erkrankt oder verhindert.<\/p>\n<p>Der Erste Vorsitzende Bernhard Jung bedauerte in seiner Ansprache, dass das Stadtparlament die geplante Investition in H\u00f6he von 50 000 Euro, die zur Renovierung der Zehntscheune an der Burg im Haushalt vorgesehen war, abgelehnt hat. Der Musikverein, so Jung, hoffe nach wie vor, in absehbarer Zeit dort einen neuen, gr\u00f6\u00dferen Proberaum eingerichtet zu bekommen.<\/p>\n<p>Vielf\u00e4ltig ist der Terminkalender des Musikvereins f\u00fcr dieses Jahr: Am 24. M\u00e4rz findet die Jugendwerbeveranstaltung im Musikhaus statt, am 31. M\u00e4rz ist der MV beim Festkommers des MGV L\u00f6hnberg dabei. Nach dem Fr\u00fchschoppen am 1. Mai gibt es vom 17. bis 20. Mai eine Fahrt ins Stubaital und am 3. Juni eine Tagesfahrt zum Hessentag nach Wetzlar mit Platzkonzert. Das Brunnenkonzert am 10. Juni in Weilburg schlie\u00dft sich an. Am 23. und 24. Juni wird der Musikverein am PPG-Fest in Villmar mitwirken und am 25. August musikalisch den Fackelumzug der Runkeler Kirmes versch\u00f6nern. Ein Weinfest am 15. September schlie\u00dft sich an, um dann am 7. Oktober bei der Wirbelauer Kirmes aufzuspielen.<\/p>\n<p>Auch in diesem Jahr wird es ein Probewochenende geben: Vom 12. bis 14. Oktober in Bad Marienberg, das als Vorbereitung dient f\u00fcr das Jahreskonzert am 3. November, dem dann die Teilnahme am Martinsumzug in Runkel am 10. November folgen wird. Die Teilnahme am Weihnachtsmarkt in L\u00f6hnberg am 2. Dezember und Runkel am 8. und 9. Dezember sowie die Weihnachtsfeier am 22. Dezember und das Weihnachtsblasen an Heilig Abend runden das Jahresprogramm ab. Hinzu kommen diverse St\u00e4ndchen bei runden Geburtstagen von Mitgliedern.<\/p>\n<p><em>Nassauische Neue Presse v. 28.02.2012<\/em><\/p>\n","protected":false},"excerpt":{"rendered":"<p>\u00a0Runkeler Musiker haben ein volles Jahresprogramm \u2013 Treue Mitglieder ausgezeichnet \u00a0Auf seinen 30. Geburtstag bereitet sich der Musikverein Runkel vor. \u00a0Der Musikverein Runkel hat in seiner Jahreshauptversammlung auf ein ereignisreiches Jahr zur\u00fcckgeblickt. Die Musiker freuen sich schon auf das kommende Jahr, wenn der Verein seinen 30. Geburtstag feiert. Gesch\u00e4ftsf\u00fchrer Christian V\u00f6lker lie\u00df in seinem Gesch\u00e4ftsbericht [&hellip;]<\/p>\n","protected":false},"author":13,"featured_media":0,"comment_status":"closed","ping_status":"open","sticky":false,"template":"","format":"standard","meta":{"ngg_post_thumbnail":0,"footnotes":""},"categories":[1],"tags":[],"_links":{"self":[{"href":"http:\/\/www.mvrunkel.de\/wordpress\/wp-json\/wp\/v2\/posts\/613"}],"collection":[{"href":"http:\/\/www.mvrunkel.de\/wordpress\/wp-json\/wp\/v2\/posts"}],"about":[{"href":"http:\/\/www.mvrunkel.de\/wordpress\/wp-json\/wp\/v2\/types\/post"}],"author":[{"embeddable":true,"href":"http:\/\/www.mvrunkel.de\/wordpress\/wp-json\/wp\/v2\/users\/13"}],"replies":[{"embeddable":true,"href":"http:\/\/www.mvrunkel.de\/wordpress\/wp-json\/wp\/v2\/comments?post=613"}],"version-history":[{"count":6,"href":"http:\/\/www.mvrunkel.de\/wordpress\/wp-json\/wp\/v2\/posts\/613\/revisions"}],"predecessor-version":[{"id":620,"href":"http:\/\/www.mvrunkel.de\/wordpress\/wp-json\/wp\/v2\/posts\/613\/revisions\/620"}],"wp:attachment":[{"href":"http:\/\/www.mvrunkel.de\/wordpress\/wp-json\/wp\/v2\/media?parent=613"}],"wp:term":[{"taxonomy":"category","embeddable":true,"href":"http:\/\/www.mvrunkel.de\/wordpress\/wp-json\/wp\/v2\/categories?post=613"},{"taxonomy":"post_tag","embeddable":true,"href":"http:\/\/www.mvrunkel.de\/wordpress\/wp-json\/wp\/v2\/tags?post=613"}],"curies":[{"name":"wp","href":"https:\/\/api.w.org\/{rel}","templated":true}]}}