{"id":853,"date":"2013-04-06T09:37:29","date_gmt":"2013-04-06T07:37:29","guid":{"rendered":"http:\/\/www.mvrunkel.de\/wordpress\/?p=853"},"modified":"2017-04-09T19:52:53","modified_gmt":"2017-04-09T17:52:53","slug":"musikverein-runkel-ladt-zum-30-maifruhschoppen","status":"publish","type":"post","link":"http:\/\/www.mvrunkel.de\/wordpress\/2013\/04\/06\/musikverein-runkel-ladt-zum-30-maifruhschoppen\/","title":{"rendered":"Musikverein Runkel l\u00e4dt zum 30. Maifr\u00fchschoppen"},"content":{"rendered":"<p>Seit 30 Jahren hei\u00dft es am 1. Mai \u201eAuf zum Maifr\u00fchschoppen nach Runkel\u201c.<\/p>\n<p>Erstmals im Jahr 1984, kurz nach der Gr\u00fcndung entschloss sich der Musikverein den Veranstaltungskalender von Runkel am 1. Mai mit einem Platzkonzert zu bereichern. Mittlerweile ist dies zu einem festen Bestandteil geworden.<\/p>\n<p><a href=\"http:\/\/www.mvrunkel.de\/wordpress\/wp-content\/uploads\/2011\/01\/1Mai-Plakat_kl1.jpg\"><img loading=\"lazy\" decoding=\"async\" class=\"size-full wp-image-268 alignleft\" src=\"http:\/\/www.mvrunkel.de\/wordpress\/wp-content\/uploads\/2011\/01\/1Mai-Plakat_kl1.jpg\" alt=\"1Mai-Plakat_kl[1]\" width=\"339\" height=\"480\" srcset=\"http:\/\/www.mvrunkel.de\/wordpress\/wp-content\/uploads\/2011\/01\/1Mai-Plakat_kl1.jpg 339w, http:\/\/www.mvrunkel.de\/wordpress\/wp-content\/uploads\/2011\/01\/1Mai-Plakat_kl1-211x300.jpg 211w\" sizes=\"(max-width: 339px) 100vw, 339px\" \/><\/a><\/p>\n<p>Daher zieht es allj\u00e4hrlich viele Wanderer- und Radgruppen sowie Musikfreunde aus nah und fern auf den historischen Schlo\u00dfplatz vor der Burg Runkel.<\/p>\n<p>P\u00fcnktlich um 11.00 Uhr er\u00f6ffnet das Vororchester des Musikvereins Runkel, welches erstmals mit einigen einge\u00fcbten Liedern auftritt. Anschlie\u00dfend spielen das Jugendorchester sowie das Blasorchester zur Unterhaltung auf.<br \/>\nAuch in diesem Jahr hat man sich durch die Einstudierung von neuen Unterhaltungsst\u00fccken entsprechend vorbereitet und freut sich darauf den Besuchern und Freunden der Blasmusik einen stimmungsvollen Maifr\u00fchschoppen zu pr\u00e4sentieren.<\/p>\n<p>Hier kann man eine Rast einlegen und sich mit gek\u00fchlten Getr\u00e4nken sowie einem Imbiss versorgen. F\u00fcr den Nachmittag steht ein reichhaltiges Kuchenbuffet bereit.<\/p>\n<p>Die Veranstaltung findet nur bei trockener Witterung statt.<\/p>\n<p>&nbsp;<\/p>\n<p>&nbsp;<\/p>\n","protected":false},"excerpt":{"rendered":"<p>Seit 30 Jahren hei\u00dft es am 1. Mai \u201eAuf zum Maifr\u00fchschoppen nach Runkel\u201c. Erstmals im Jahr 1984, kurz nach der Gr\u00fcndung entschloss sich der Musikverein den Veranstaltungskalender von Runkel am 1. Mai mit einem Platzkonzert zu bereichern. Mittlerweile ist dies zu einem festen Bestandteil geworden. Daher zieht es allj\u00e4hrlich viele Wanderer- und Radgruppen sowie Musikfreunde [&hellip;]<\/p>\n","protected":false},"author":13,"featured_media":0,"comment_status":"closed","ping_status":"open","sticky":false,"template":"","format":"standard","meta":{"ngg_post_thumbnail":0,"footnotes":""},"categories":[35],"tags":[],"_links":{"self":[{"href":"http:\/\/www.mvrunkel.de\/wordpress\/wp-json\/wp\/v2\/posts\/853"}],"collection":[{"href":"http:\/\/www.mvrunkel.de\/wordpress\/wp-json\/wp\/v2\/posts"}],"about":[{"href":"http:\/\/www.mvrunkel.de\/wordpress\/wp-json\/wp\/v2\/types\/post"}],"author":[{"embeddable":true,"href":"http:\/\/www.mvrunkel.de\/wordpress\/wp-json\/wp\/v2\/users\/13"}],"replies":[{"embeddable":true,"href":"http:\/\/www.mvrunkel.de\/wordpress\/wp-json\/wp\/v2\/comments?post=853"}],"version-history":[{"count":7,"href":"http:\/\/www.mvrunkel.de\/wordpress\/wp-json\/wp\/v2\/posts\/853\/revisions"}],"predecessor-version":[{"id":1500,"href":"http:\/\/www.mvrunkel.de\/wordpress\/wp-json\/wp\/v2\/posts\/853\/revisions\/1500"}],"wp:attachment":[{"href":"http:\/\/www.mvrunkel.de\/wordpress\/wp-json\/wp\/v2\/media?parent=853"}],"wp:term":[{"taxonomy":"category","embeddable":true,"href":"http:\/\/www.mvrunkel.de\/wordpress\/wp-json\/wp\/v2\/categories?post=853"},{"taxonomy":"post_tag","embeddable":true,"href":"http:\/\/www.mvrunkel.de\/wordpress\/wp-json\/wp\/v2\/tags?post=853"}],"curies":[{"name":"wp","href":"https:\/\/api.w.org\/{rel}","templated":true}]}}